{"id":1951,"date":"2021-06-30T18:06:24","date_gmt":"2021-06-30T16:06:24","guid":{"rendered":"https:\/\/www.ltb-arad.ro\/?p=1951"},"modified":"2021-07-05T11:31:04","modified_gmt":"2021-07-05T09:31:04","slug":"informatii-inscriere-in-clasa-a-v-a-2021-2022-dupa-admitere","status":"publish","type":"post","link":"https:\/\/www.ltb-arad.ro\/?p=1951","title":{"rendered":"Informa\u021bii \u00eenscriere \u00een clasa a V-a 2021-2022 dup\u0103 admitere"},"content":{"rendered":"\t\t<div data-elementor-type=\"wp-post\" data-elementor-id=\"1951\" class=\"elementor elementor-1951\">\n\t\t\t\t\t\t<section class=\"elementor-section elementor-top-section elementor-element elementor-element-ed216de elementor-section-boxed elementor-section-height-default elementor-section-height-default elementor-invisible\" data-id=\"ed216de\" data-element_type=\"section\" data-e-type=\"section\" data-settings=\"{&quot;animation&quot;:&quot;fadeInDown&quot;}\">\n\t\t\t\t\t\t<div class=\"elementor-container elementor-column-gap-default\">\n\t\t\t\t\t<div class=\"elementor-column elementor-col-100 elementor-top-column elementor-element elementor-element-4699269\" data-id=\"4699269\" data-element_type=\"column\" data-e-type=\"column\">\n\t\t\t<div class=\"elementor-widget-wrap elementor-element-populated\">\n\t\t\t\t\t\t<div class=\"elementor-element elementor-element-80175a5 elementor-invisible elementor-widget elementor-widget-text-editor\" data-id=\"80175a5\" data-element_type=\"widget\" data-e-type=\"widget\" data-settings=\"{&quot;_animation&quot;:&quot;fadeInLeft&quot;}\" data-widget_type=\"text-editor.default\">\n\t\t\t\t<div class=\"elementor-widget-container\">\n\t\t\t\t\t\t\t\t\t<table width=\"716\"><tbody><tr><td width=\"716\"><p><span style=\"color: #000000;\"><strong>PERIOAD\u0102 \u00ceNSCRIERI<\/strong>:<\/span><br \/><span style=\"color: #000000;\"><strong>1 iulie \u2013 9 iulie 2021<\/strong><strong><br \/><\/strong>\u00eentre orele\u00a0<strong>10.00 \u2013 13.00, <\/strong><strong>la sediul din str. Dr. Ioan Suciu nr. 3-19<\/strong><\/span><\/p><p>P\u0103rin\u021bii care, din motive obiective (carantin\u0103, izolare etc.), nu se \u00eencadreaz\u0103 \u00een intervalul orar stabilit pentru \u00eenscrieri pot realiza\u00a0<em>telefonic<\/em>\u00a0(0257-250751) o alt\u0103 programare.<\/p><p><span style=\"color: #0000ff;\"><strong>\u00ceN SITUA\u021aIA \u00ceN CARE UN CANDIDAT ESTE PE LISTA CELOR ADMI\u0218I, DAR NU DEPUNE DOSARUL DE \u00ceNSCRIERE \u00ceN INTERVALUL STABILIT, <\/strong><\/span><span style=\"color: #ff0000;\"><strong>CANDIDATUL PIERDE LOCUL OB\u021aINUT<\/strong><strong>.\u00a0 \u00a0 \u00a0 \u00a0 \u00a0 \u00a0 \u00a0 \u00a0 \u00a0 \u00a0 \u00a0 \u00a0 \u00a0 \u00a0 \u00a0 \u00a0 \u00a0 \u00a0 \u00a0 \u00a0 <\/strong><\/span><span style=\"color: #0000ff;\"><strong>DOSARUL<\/strong><\/span> <span style=\"color: #ff0000;\"><strong>NU SE VA PUTEA DEPUNE <\/strong><\/span><strong style=\"color: #0000ff; font-family: inherit; font-size: inherit;\">ULTERIOR EXPIR\u0102RII PERIOADEI DEDICATE<\/strong><strong style=\"color: #0000ff; font-family: inherit; font-size: inherit;\">.<\/strong><\/p><p><span style=\"color: #ff0000;\"><strong>Acte necesare pentru \u00eenscrierea \u00een clasa a V-a 2021 &#8211; 2022<\/strong><\/span><\/p><ul><li>Fi\u0219\u0103 de \u00eenscriere \u0219i eviden\u021b\u0103 a elevului \u2013 se prime\u0219te de la secretariat;<\/li><li>Certificat de na\u0219tere al elevului (\u00een original \u0219i copie);<\/li><li>Carte de identitate a mamei (\u00een original \u0219i copie);<\/li><li>Carte de identitate a tat\u0103lui (\u00een original \u0219i copie);<\/li><li>Adeverin\u021b\u0103 medical\u0103 cu vaccin\u0103rile (de la medicul de familie);<\/li><li>Poz\u0103 recent\u0103 a elevului \u2013 dimensiune 3\u00d74;<\/li><li>Sentin\u021b\u0103 de divor\u021b (\u00een original \u0219i copie) \u2013 p\u0103rin\u021bii divor\u021ba\u021bi depun la \u00eenscriere\u00a0<em>hot\u0103r\u00e2rea judec\u0103toreasc\u0103 definitiv\u0103<\/em>\u00a0din care rezult\u0103 modul \u00een care se exercit\u0103 autoritatea p\u0103rinteasc\u0103 \u0219i unde a fost stabilit\u0103 locuin\u021ba minorului \u2013 unde este cazul;<\/li><li>Certificat de deces p\u0103rinte \/ p\u0103rin\u021bi (\u00een original \u0219i copie) \u2013 unde este cazul;<\/li><li>Carte de identitate a reprezentantului legal \/ tutorelui (\u00een original \u0219i copie) \u2013 unde este cazul;<\/li><li>Hot\u0103r\u00e2re judec\u0103toreasc\u0103 plasament (\u00een original \u0219i copie) \u2013 unde este cazul.<\/li><\/ul><\/td><\/tr><\/tbody><\/table>\t\t\t\t\t\t\t\t<\/div>\n\t\t\t\t<\/div>\n\t\t\t\t\t<\/div>\n\t\t<\/div>\n\t\t\t\t\t<\/div>\n\t\t<\/section>\n\t\t\t\t<section class=\"elementor-section elementor-top-section elementor-element elementor-element-1cd5825 elementor-section-boxed elementor-section-height-default elementor-section-height-default\" data-id=\"1cd5825\" data-element_type=\"section\" data-e-type=\"section\">\n\t\t\t\t\t\t<div class=\"elementor-container elementor-column-gap-default\">\n\t\t\t\t\t<div class=\"elementor-column elementor-col-100 elementor-top-column elementor-element elementor-element-9016cb5\" data-id=\"9016cb5\" data-element_type=\"column\" data-e-type=\"column\">\n\t\t\t<div class=\"elementor-widget-wrap elementor-element-populated\">\n\t\t\t\t\t\t<div class=\"elementor-element elementor-element-8601941 elementor-align-justify elementor-widget elementor-widget-button\" data-id=\"8601941\" data-element_type=\"widget\" data-e-type=\"widget\" data-widget_type=\"button.default\">\n\t\t\t\t<div class=\"elementor-widget-container\">\n\t\t\t\t\t\t\t\t\t<div class=\"elementor-button-wrapper\">\n\t\t\t\t\t<a class=\"elementor-button elementor-button-link elementor-size-sm\" href=\"https:\/\/www.ltb-arad.ro\/wp-content\/uploads\/2021\/06\/Informatii-inscriere-in-clasa-a-V-a-2021-2022-DUPA-ADMITERE.pdf\" target=\"_blank\">\n\t\t\t\t\t\t<span class=\"elementor-button-content-wrapper\">\n\t\t\t\t\t\t\t\t\t<span class=\"elementor-button-text\">Informatii inscriere \u00een clasa a V-a 2021-2022 DUP\u0102 ADMITERE<\/span>\n\t\t\t\t\t<\/span>\n\t\t\t\t\t<\/a>\n\t\t\t\t<\/div>\n\t\t\t\t\t\t\t\t<\/div>\n\t\t\t\t<\/div>\n\t\t\t\t\t<\/div>\n\t\t<\/div>\n\t\t\t\t\t<\/div>\n\t\t<\/section>\n\t\t\t\t<\/div>\n\t\t","protected":false},"excerpt":{"rendered":"<p>PERIOAD\u0102 \u00ceNSCRIERI:1 iulie \u2013 9 iulie 2021\u00eentre orele\u00a010.00 \u2013 13.00, la sediul din str. Dr. Ioan Suciu nr. 3-19 P\u0103rin\u021bii care, din motive obiective (carantin\u0103, izolare etc.), nu se \u00eencadreaz\u0103 \u00een intervalul orar stabilit pentru \u00eenscrieri pot realiza\u00a0telefonic\u00a0(0257-250751) o alt\u0103 programare. \u00ceN SITUA\u021aIA \u00ceN CARE UN CANDIDAT ESTE PE LISTA [&hellip;]<\/p>\n","protected":false},"author":2,"featured_media":0,"comment_status":"closed","ping_status":"closed","sticky":false,"template":"","format":"standard","meta":{"footnotes":"","_links_to":"","_links_to_target":""},"categories":[1],"tags":[],"class_list":["post-1951","post","type-post","status-publish","format-standard","hentry","category-uncategorized"],"_links":{"self":[{"href":"https:\/\/www.ltb-arad.ro\/index.php?rest_route=\/wp\/v2\/posts\/1951","targetHints":{"allow":["GET"]}}],"collection":[{"href":"https:\/\/www.ltb-arad.ro\/index.php?rest_route=\/wp\/v2\/posts"}],"about":[{"href":"https:\/\/www.ltb-arad.ro\/index.php?rest_route=\/wp\/v2\/types\/post"}],"author":[{"embeddable":true,"href":"https:\/\/www.ltb-arad.ro\/index.php?rest_route=\/wp\/v2\/users\/2"}],"replies":[{"embeddable":true,"href":"https:\/\/www.ltb-arad.ro\/index.php?rest_route=%2Fwp%2Fv2%2Fcomments&post=1951"}],"version-history":[{"count":12,"href":"https:\/\/www.ltb-arad.ro\/index.php?rest_route=\/wp\/v2\/posts\/1951\/revisions"}],"predecessor-version":[{"id":1969,"href":"https:\/\/www.ltb-arad.ro\/index.php?rest_route=\/wp\/v2\/posts\/1951\/revisions\/1969"}],"wp:attachment":[{"href":"https:\/\/www.ltb-arad.ro\/index.php?rest_route=%2Fwp%2Fv2%2Fmedia&parent=1951"}],"wp:term":[{"taxonomy":"category","embeddable":true,"href":"https:\/\/www.ltb-arad.ro\/index.php?rest_route=%2Fwp%2Fv2%2Fcategories&post=1951"},{"taxonomy":"post_tag","embeddable":true,"href":"https:\/\/www.ltb-arad.ro\/index.php?rest_route=%2Fwp%2Fv2%2Ftags&post=1951"}],"curies":[{"name":"wp","href":"https:\/\/api.w.org\/{rel}","templated":true}]}}