{"id":3596,"date":"2026-04-28T14:22:44","date_gmt":"2026-04-28T12:22:44","guid":{"rendered":"https:\/\/www.ltb-arad.ro\/?p=3596"},"modified":"2026-04-28T14:26:30","modified_gmt":"2026-04-28T12:26:30","slug":"solicitare-aviz-cult-baptist","status":"publish","type":"post","link":"https:\/\/www.ltb-arad.ro\/?p=3596","title":{"rendered":"SOLICITARE AVIZ CULT BAPTIST"},"content":{"rendered":"\n<p class=\"has-black-color has-text-color has-link-color wp-elements-a1d3fda635beb93bdaa23670c57cf20d\">Dac\u0103 inten\u021biona\u021bi s\u0103 participa\u021bi la etape de mobilitate prev\u0103zute \u00een calendarul aprobat pentru 2026-2027, inclusiv <strong>titularizare<\/strong>, \u00een data de <strong>04 mai 2026<\/strong> este planificat\u0103 o \u0219edin\u021b\u0103 a Comitetului Comunit\u0103\u021bii Bisericilor Baptiste Arad, pentru cei care solicit\u0103 <strong>AVIZUL DE CULT<\/strong> necesar repartiz\u0103rii pe post\/ore vacante rezervate la Liceul Baptist, \u00eencep\u00e2nd cu 01.09.2026.<br> Etape de parcurs:<br>\u2022 completa\u021bi cererea de mai jos \u0219i apoi solicita\u021bi avizul Liceului Teologic Baptist \u201eAlexa Popovici\u201d Arad (direc\u021biune \u0219i pastor coordonator);<br>\u2022 depune\u021bi cererea avizat\u0103 de \u0219coal\u0103 la Comunitatea Bisericilor Cre\u0219tine Baptiste Arad, str. M\u0103r\u0103\u0219e\u0219ti nr. 24, tel. <strong><mark style=\"background-color:rgba(0, 0, 0, 0);color:#4b983b\" class=\"has-inline-color\">0257-256868<\/mark><\/strong>, e-mail <mark style=\"background-color:rgba(0, 0, 0, 0);color:#4b983b\" class=\"has-inline-color\"><strong>cbarad@pknet.ro<\/strong><\/mark> (program: LUNI \u2013 JOI, \u00eentre orele 9.00 \u2013 14.00), p\u00e2n\u0103 \u00een <strong>01.05.2026.<\/strong><br>\u2022 primi\u021bi din partea Comunit\u0103\u021bii Baptiste informa\u021biile despre c\u00e2nd sunte\u021bi programat(\u0103) la interviu.<\/p>\n\n\n\n<div class=\"wp-block-buttons is-layout-flex wp-block-buttons-is-layout-flex\">\n<div class=\"wp-block-button has-custom-width wp-block-button__width-100 is-style-fill\"><a class=\"wp-block-button__link has-black-color has-background-color-background-color has-text-color has-background has-link-color wp-element-button\" href=\"https:\/\/www.ltb-arad.ro\/wp-content\/uploads\/2026\/04\/Cerere-programare-interviu-aviz-cult.pdf\">MODEL CERERE: <strong>SOLICITARE PROGRAMARE INTERVIU<\/strong><br><strong>pentru ob\u021binerea AVIZULUI DE CULT BAPTIST<\/strong><\/a><\/div>\n<\/div>\n\n\n","protected":false},"excerpt":{"rendered":"<p>Dac\u0103 inten\u021biona\u021bi s\u0103 participa\u021bi la etape de mobilitate prev\u0103zute \u00een calendarul aprobat pentru 2026-2027, inclusiv titularizare, \u00een data de 04 mai 2026 este planificat\u0103 o \u0219edin\u021b\u0103 a Comitetului Comunit\u0103\u021bii Bisericilor Baptiste Arad, pentru cei care solicit\u0103 AVIZUL DE CULT necesar repartiz\u0103rii pe post\/ore vacante rezervate la Liceul Baptist, \u00eencep\u00e2nd cu [&hellip;]<\/p>\n","protected":false},"author":2,"featured_media":0,"comment_status":"closed","ping_status":"closed","sticky":false,"template":"","format":"standard","meta":{"footnotes":"","_links_to":"","_links_to_target":""},"categories":[1],"tags":[],"class_list":["post-3596","post","type-post","status-publish","format-standard","hentry","category-uncategorized"],"_links":{"self":[{"href":"https:\/\/www.ltb-arad.ro\/index.php?rest_route=\/wp\/v2\/posts\/3596","targetHints":{"allow":["GET"]}}],"collection":[{"href":"https:\/\/www.ltb-arad.ro\/index.php?rest_route=\/wp\/v2\/posts"}],"about":[{"href":"https:\/\/www.ltb-arad.ro\/index.php?rest_route=\/wp\/v2\/types\/post"}],"author":[{"embeddable":true,"href":"https:\/\/www.ltb-arad.ro\/index.php?rest_route=\/wp\/v2\/users\/2"}],"replies":[{"embeddable":true,"href":"https:\/\/www.ltb-arad.ro\/index.php?rest_route=%2Fwp%2Fv2%2Fcomments&post=3596"}],"version-history":[{"count":2,"href":"https:\/\/www.ltb-arad.ro\/index.php?rest_route=\/wp\/v2\/posts\/3596\/revisions"}],"predecessor-version":[{"id":3599,"href":"https:\/\/www.ltb-arad.ro\/index.php?rest_route=\/wp\/v2\/posts\/3596\/revisions\/3599"}],"wp:attachment":[{"href":"https:\/\/www.ltb-arad.ro\/index.php?rest_route=%2Fwp%2Fv2%2Fmedia&parent=3596"}],"wp:term":[{"taxonomy":"category","embeddable":true,"href":"https:\/\/www.ltb-arad.ro\/index.php?rest_route=%2Fwp%2Fv2%2Fcategories&post=3596"},{"taxonomy":"post_tag","embeddable":true,"href":"https:\/\/www.ltb-arad.ro\/index.php?rest_route=%2Fwp%2Fv2%2Ftags&post=3596"}],"curies":[{"name":"wp","href":"https:\/\/api.w.org\/{rel}","templated":true}]}}